{"id":6559,"date":"2014-03-06T16:06:34","date_gmt":"2014-03-06T15:06:34","guid":{"rendered":"http:\/\/www.nero-luce.com\/?p=283"},"modified":"2017-11-28T16:50:21","modified_gmt":"2017-11-28T16:50:21","slug":"giornata-europea-del-gelato-artigianale-2014","status":"publish","type":"post","link":"https:\/\/nero-luce.com\/it\/giornata-europea-del-gelato-artigianale-2014\/","title":{"rendered":"Giornata Europea del Gelato Artigianale &#8211; 24 Marzo 2014"},"content":{"rendered":"<div class=\"wpb-content-wrapper\"><p>[vc_row content_text_aligment=&#8221;&#8221; use_row_as_full_screen_section=&#8221;no&#8221;][vc_column][vc_empty_space][vc_single_image image=&#8221;6846&#8243; img_size=&#8221;full&#8221;][vc_empty_space][vc_column_text]Il prossimo 24 Marzo 2014 a Bruxelles verr\u00e0 festeggiata la <a href=\"http:\/\/www.ilgelatoartigianale.info\/News\/24-Marzo-2014-2-Giornata-Europea-Del-Gelato-Artigianale.kl\" target=\"_blank\" rel=\"noopener\">II Giornata Europea del Gelato Artigianale<\/a>, organizzata da Artglace &#8211; Confederazione delle Associazioni dei Gelatieri Artigiani della Comunit\u00e0 Europea &#8211; in collaborazione con Longarone Fiere.\u00a0La 1\u00b0 Giornata Europea del Gelato Artigianale \u00e8 un\u2019iniziativa che \u00e8 stata ufficialmente istituita dal Parlamento Europeo di Salisburgo il 5 luglio 2012: 378 parlamentari hanno concordato che la Giornata Europea del Gelato Artigianale \u00e8 un\u2019occasione unica per promuovere il gelato artigianale, quale prodotto alimentare sano, completo e famoso in tutto il mondo.<\/p>\n<p>L&#8217;obiettivo della Giornata Europea del Gelato Artigianale \u00e8 quello di comunicare ai consumatori il valore del gelato artigianale, un prodotto consigliato anche da dietologi e nutrizionisti, che rappresenta un\u2019eccellenza in termini di qualit\u00e0 e sicurezza alimentare.<\/p>\n<p>Il settore del gelato artigianale nell\u2019Unione Europea si preoccupa del diretto impiego di circa 300 mila lavoratori, soprattutto giovani, in 50 mila diverse gelaterie per valorizzare e promuovere questo alimento, che viene prodotto all\u2019interno delle gelaterie di ogni singolo Stato.<\/p>\n<p>La finalit\u00e0 dell\u2019iniziativa sar\u00e0 appunto quella di comunicare con i consumatori e con le istituzioni affinch\u00e9 venga riconosciuto il valore intrinseco del gelato artigianale, che offre garanzie qualitative e nutrizionali, nonch\u00e9 contribuisce all\u2019economia del territorio, coinvolgendo i produttori locali quali maggiori fornitori di materie prime per i gelatieri.<\/p>\n<p>Stracciatella d&#8217;Europa \u00e8 stato decretato il gusto dell&#8217;anno 2014: un nuovo gusto composto da gelato fior di latte, cioccolato e succo d&#8217;arancia, in ricordo del gelatiere artigianale Enrico Panattoni &#8211; scomparso lo scorso Ottobre &#8211; inventore del gusto stracciatella.<\/p>\n<p>La manifestazione, sostenuta dall&#8217;onorevole Giancarlo Scott\u00e0, Membro della Commissione per l&#8217;agricoltura e lo sviluppo rurale, intende promuovere uno dei prodotti di eccellenza del settore agroalimentare, grazie alla sua alta qualit\u00e0 nutrizionale e alla genuinit\u00e0 degli ingredienti, e sensibilizzare i rappresentanti dell&#8217;Unione Europea sulla necessit\u00e0 di tutelare maggiormente gelatieri artigiani e consumatori, attraverso normative e regolamenti comunitari.<\/p>\n<p>Per un giorno, dunque, il suono della campanella che segner\u00e0 la pausa dei lavori e l\u2019inizio delle degustazioni, sar\u00e0 particolarmente dolce: dodici sapori in rappresentanza delle nazioni che aderiscono ad Artglace (Spagna, Francia, Germania, Austria, Portogallo, Repubblica Ceca, Olanda, Italia), fra cui l\u2019originale \u201cEl Barroso\u201d, creato in onore del presidente della Commissione europea Jos\u00e9 Manuel Barroso; ed il prelibato gusto \u201cTorta Caprese\u201d (cioccolato fondente, mandorle, zucchero, burro e uova), tipico dolce dell\u2019isola di Capri in versione gelato. La ricetta, divulgata agli inizi del 1950 da \u201cDonna Margherita\u201d di Mulo, storica ristoratrice dell\u2019isola azzurra, viene ricordata per la sua facilit\u00e0 di preparazione (non prevede l&#8217;uso di alcuna farina ed \u00e8 adatta anche al consumo da parte dei celiaci) e per l\u2019estrema bont\u00e0.<\/p>\n<p>Ma le iniziative per celebrare la II Giornata Europea del Gelato Artigianale, non finiscono qui. La manifestazione si svolger\u00e0 contemporaneamente anche nelle piazze delle nazioni aderenti ad Artglace e sar\u00e0 legata a tematiche di particolare rilievo sociale.<\/p>\n<p>Austria, Italia, Olanda e Spagna hanno gi\u00e0 confermato la volont\u00e0 di dedicare le proprie iniziative al rispetto dell\u2019ambiente, scegliendo di devolvere i proventi ricavati dalle degustazioni alle associazioni ambientaliste operanti sul proprio territorio.<br \/>\nIn particolare, il ricavato dei gelatieri italiani sar\u00e0 destinato a finanziare progetti di tutela del mare, attraverso l&#8217;associazione ambientalista &#8220;Marevivo&#8221;.[\/vc_column_text][\/vc_column][\/vc_row]<\/p>\n<\/div>","protected":false},"excerpt":{"rendered":"<p>Il prossimo 24 Marzo 2014 a Bruxelles verr\u00e0 festeggiata la II Giornata Europea del Gelato Artigianale, organizzata da Artglace \u2013 Confederazione delle Associazioni dei Gelatieri Artigiani della Comunit\u00e0 Europea \u2013 in collaborazione con Longarone Fiere.<\/p>\n","protected":false},"author":1,"featured_media":0,"comment_status":"open","ping_status":"closed","sticky":false,"template":"","format":"standard","meta":[],"categories":[247],"tags":[],"yoast_head":"<!-- This site is optimized with the Yoast SEO plugin v20.2.1 - https:\/\/yoast.com\/wordpress\/plugins\/seo\/ -->\n<title>Giornata Europea del Gelato Artigianale - 24 Marzo 2014 - Neroluce<\/title>\n<meta name=\"robots\" content=\"index, follow, max-snippet:-1, max-image-preview:large, max-video-preview:-1\" \/>\n<link rel=\"canonical\" href=\"https:\/\/nero-luce.com\/it\/giornata-europea-del-gelato-artigianale-2014\/\" \/>\n<meta property=\"og:locale\" content=\"it_IT\" \/>\n<meta property=\"og:type\" content=\"article\" \/>\n<meta property=\"og:title\" content=\"Giornata Europea del Gelato Artigianale - 24 Marzo 2014 - Neroluce\" \/>\n<meta property=\"og:description\" content=\"Il prossimo 24 Marzo 2014 a Bruxelles verr\u00e0 festeggiata la II Giornata Europea del Gelato Artigianale, organizzata da Artglace \u2013 Confederazione delle Associazioni dei Gelatieri Artigiani della Comunit\u00e0 Europea \u2013 in collaborazione con Longarone Fiere.\" \/>\n<meta property=\"og:url\" content=\"https:\/\/nero-luce.com\/it\/giornata-europea-del-gelato-artigianale-2014\/\" \/>\n<meta property=\"og:site_name\" content=\"Neroluce\" \/>\n<meta property=\"article:published_time\" content=\"2014-03-06T15:06:34+00:00\" \/>\n<meta property=\"article:modified_time\" content=\"2017-11-28T16:50:21+00:00\" \/>\n<meta name=\"author\" content=\"agata\" \/>\n<meta name=\"twitter:card\" content=\"summary_large_image\" \/>\n<meta name=\"twitter:label1\" content=\"Scritto da\" \/>\n\t<meta name=\"twitter:data1\" content=\"agata\" \/>\n\t<meta name=\"twitter:label2\" content=\"Tempo di lettura stimato\" \/>\n\t<meta name=\"twitter:data2\" content=\"3 minuti\" \/>\n<script type=\"application\/ld+json\" class=\"yoast-schema-graph\">{\"@context\":\"https:\/\/schema.org\",\"@graph\":[{\"@type\":\"WebPage\",\"@id\":\"https:\/\/nero-luce.com\/it\/giornata-europea-del-gelato-artigianale-2014\/\",\"url\":\"https:\/\/nero-luce.com\/it\/giornata-europea-del-gelato-artigianale-2014\/\",\"name\":\"Giornata Europea del Gelato Artigianale - 24 Marzo 2014 - Neroluce\",\"isPartOf\":{\"@id\":\"https:\/\/nero-luce.com\/it\/#website\"},\"datePublished\":\"2014-03-06T15:06:34+00:00\",\"dateModified\":\"2017-11-28T16:50:21+00:00\",\"author\":{\"@id\":\"https:\/\/nero-luce.com\/it\/#\/schema\/person\/cacd98aead8c97f03860128d86ec40c4\"},\"breadcrumb\":{\"@id\":\"https:\/\/nero-luce.com\/it\/giornata-europea-del-gelato-artigianale-2014\/#breadcrumb\"},\"inLanguage\":\"it-IT\",\"potentialAction\":[{\"@type\":\"ReadAction\",\"target\":[\"https:\/\/nero-luce.com\/it\/giornata-europea-del-gelato-artigianale-2014\/\"]}]},{\"@type\":\"BreadcrumbList\",\"@id\":\"https:\/\/nero-luce.com\/it\/giornata-europea-del-gelato-artigianale-2014\/#breadcrumb\",\"itemListElement\":[{\"@type\":\"ListItem\",\"position\":1,\"name\":\"Home\",\"item\":\"https:\/\/nero-luce.com\/it\/\"},{\"@type\":\"ListItem\",\"position\":2,\"name\":\"Giornata Europea del Gelato Artigianale &#8211; 24 Marzo 2014\"}]},{\"@type\":\"WebSite\",\"@id\":\"https:\/\/nero-luce.com\/it\/#website\",\"url\":\"https:\/\/nero-luce.com\/it\/\",\"name\":\"Neroluce\",\"description\":\"Insegne e accessori per gelaterie\",\"potentialAction\":[{\"@type\":\"SearchAction\",\"target\":{\"@type\":\"EntryPoint\",\"urlTemplate\":\"https:\/\/nero-luce.com\/it\/?s={search_term_string}\"},\"query-input\":\"required name=search_term_string\"}],\"inLanguage\":\"it-IT\"},{\"@type\":\"Person\",\"@id\":\"https:\/\/nero-luce.com\/it\/#\/schema\/person\/cacd98aead8c97f03860128d86ec40c4\",\"name\":\"agata\",\"image\":{\"@type\":\"ImageObject\",\"inLanguage\":\"it-IT\",\"@id\":\"https:\/\/nero-luce.com\/it\/#\/schema\/person\/image\/\",\"url\":\"https:\/\/secure.gravatar.com\/avatar\/8bf33eb017a5776110766f830b2b2044?s=96&d=mm&r=g\",\"contentUrl\":\"https:\/\/secure.gravatar.com\/avatar\/8bf33eb017a5776110766f830b2b2044?s=96&d=mm&r=g\",\"caption\":\"agata\"},\"url\":\"https:\/\/nero-luce.com\/it\/author\/agata\/\"}]}<\/script>\n<!-- \/ Yoast SEO plugin. -->","yoast_head_json":{"title":"Giornata Europea del Gelato Artigianale - 24 Marzo 2014 - Neroluce","robots":{"index":"index","follow":"follow","max-snippet":"max-snippet:-1","max-image-preview":"max-image-preview:large","max-video-preview":"max-video-preview:-1"},"canonical":"https:\/\/nero-luce.com\/it\/giornata-europea-del-gelato-artigianale-2014\/","og_locale":"it_IT","og_type":"article","og_title":"Giornata Europea del Gelato Artigianale - 24 Marzo 2014 - Neroluce","og_description":"Il prossimo 24 Marzo 2014 a Bruxelles verr\u00e0 festeggiata la II Giornata Europea del Gelato Artigianale, organizzata da Artglace \u2013 Confederazione delle Associazioni dei Gelatieri Artigiani della Comunit\u00e0 Europea \u2013 in collaborazione con Longarone Fiere.","og_url":"https:\/\/nero-luce.com\/it\/giornata-europea-del-gelato-artigianale-2014\/","og_site_name":"Neroluce","article_published_time":"2014-03-06T15:06:34+00:00","article_modified_time":"2017-11-28T16:50:21+00:00","author":"agata","twitter_card":"summary_large_image","twitter_misc":{"Scritto da":"agata","Tempo di lettura stimato":"3 minuti"},"schema":{"@context":"https:\/\/schema.org","@graph":[{"@type":"WebPage","@id":"https:\/\/nero-luce.com\/it\/giornata-europea-del-gelato-artigianale-2014\/","url":"https:\/\/nero-luce.com\/it\/giornata-europea-del-gelato-artigianale-2014\/","name":"Giornata Europea del Gelato Artigianale - 24 Marzo 2014 - Neroluce","isPartOf":{"@id":"https:\/\/nero-luce.com\/it\/#website"},"datePublished":"2014-03-06T15:06:34+00:00","dateModified":"2017-11-28T16:50:21+00:00","author":{"@id":"https:\/\/nero-luce.com\/it\/#\/schema\/person\/cacd98aead8c97f03860128d86ec40c4"},"breadcrumb":{"@id":"https:\/\/nero-luce.com\/it\/giornata-europea-del-gelato-artigianale-2014\/#breadcrumb"},"inLanguage":"it-IT","potentialAction":[{"@type":"ReadAction","target":["https:\/\/nero-luce.com\/it\/giornata-europea-del-gelato-artigianale-2014\/"]}]},{"@type":"BreadcrumbList","@id":"https:\/\/nero-luce.com\/it\/giornata-europea-del-gelato-artigianale-2014\/#breadcrumb","itemListElement":[{"@type":"ListItem","position":1,"name":"Home","item":"https:\/\/nero-luce.com\/it\/"},{"@type":"ListItem","position":2,"name":"Giornata Europea del Gelato Artigianale &#8211; 24 Marzo 2014"}]},{"@type":"WebSite","@id":"https:\/\/nero-luce.com\/it\/#website","url":"https:\/\/nero-luce.com\/it\/","name":"Neroluce","description":"Insegne e accessori per gelaterie","potentialAction":[{"@type":"SearchAction","target":{"@type":"EntryPoint","urlTemplate":"https:\/\/nero-luce.com\/it\/?s={search_term_string}"},"query-input":"required name=search_term_string"}],"inLanguage":"it-IT"},{"@type":"Person","@id":"https:\/\/nero-luce.com\/it\/#\/schema\/person\/cacd98aead8c97f03860128d86ec40c4","name":"agata","image":{"@type":"ImageObject","inLanguage":"it-IT","@id":"https:\/\/nero-luce.com\/it\/#\/schema\/person\/image\/","url":"https:\/\/secure.gravatar.com\/avatar\/8bf33eb017a5776110766f830b2b2044?s=96&d=mm&r=g","contentUrl":"https:\/\/secure.gravatar.com\/avatar\/8bf33eb017a5776110766f830b2b2044?s=96&d=mm&r=g","caption":"agata"},"url":"https:\/\/nero-luce.com\/it\/author\/agata\/"}]}},"acf":[],"_links":{"self":[{"href":"https:\/\/nero-luce.com\/it\/wp-json\/wp\/v2\/posts\/6559"}],"collection":[{"href":"https:\/\/nero-luce.com\/it\/wp-json\/wp\/v2\/posts"}],"about":[{"href":"https:\/\/nero-luce.com\/it\/wp-json\/wp\/v2\/types\/post"}],"author":[{"embeddable":true,"href":"https:\/\/nero-luce.com\/it\/wp-json\/wp\/v2\/users\/1"}],"replies":[{"embeddable":true,"href":"https:\/\/nero-luce.com\/it\/wp-json\/wp\/v2\/comments?post=6559"}],"version-history":[{"count":4,"href":"https:\/\/nero-luce.com\/it\/wp-json\/wp\/v2\/posts\/6559\/revisions"}],"predecessor-version":[{"id":10420,"href":"https:\/\/nero-luce.com\/it\/wp-json\/wp\/v2\/posts\/6559\/revisions\/10420"}],"wp:attachment":[{"href":"https:\/\/nero-luce.com\/it\/wp-json\/wp\/v2\/media?parent=6559"}],"wp:term":[{"taxonomy":"category","embeddable":true,"href":"https:\/\/nero-luce.com\/it\/wp-json\/wp\/v2\/categories?post=6559"},{"taxonomy":"post_tag","embeddable":true,"href":"https:\/\/nero-luce.com\/it\/wp-json\/wp\/v2\/tags?post=6559"}],"curies":[{"name":"wp","href":"https:\/\/api.w.org\/{rel}","templated":true}]}}