{"id":520,"date":"2014-11-27T11:23:19","date_gmt":"2014-11-27T10:23:19","guid":{"rendered":"http:\/\/www.nero-luce.com\/?p=520"},"modified":"2017-11-28T16:37:45","modified_gmt":"2017-11-28T16:37:45","slug":"neroluce-mig-longarone-2014","status":"publish","type":"post","link":"https:\/\/nero-luce.com\/it\/neroluce-mig-longarone-2014\/","title":{"rendered":"NeroLuce a MIG &#8211; Mostra Internazionale del Gelato Artigianale &#8211; dal 30\/11 al 3\/12 2014"},"content":{"rendered":"<div class=\"wpb-content-wrapper\"><p>[vc_row content_text_aligment=&#8221;&#8221; use_row_as_full_screen_section=&#8221;no&#8221;][vc_column][vc_empty_space][vc_single_image image=&#8221;6820&#8243; img_size=&#8221;full&#8221;][vc_empty_space][vc_column_text]<\/p>\n<h2>Saremo alla Mostra Internazionale del Gelato Artigianale di Longarone, dal 30 Novembre al 2 Dicembre<\/h2>\n<p>La <a href=\"http:\/\/www.mostradelgelato.com\/\" target=\"_blank\" rel=\"noopener\">MIG<\/a> di Longarone \u00e8 la pi\u00f9 importante fiera di settore per il gelato artigianale: anche quest&#8217;anno sono attesi i pi\u00f9 rinomati gelatieri italiani ed europei, principalmente dalla Germania, Austria, Spagna, Olanda. Quest&#8217;anno sar\u00e0 presente anche una delegazione di operatori cinesi della China Association of Bakery and Confectionery Industry.<br \/>\nLa UNITEIS (Unione dei Gelatieri Artigiani italiani in Germania) organizzer\u00e0 in occasione della fiera momenti di confronto su temi di stretta attualit\u00e0 (questioni fiscali e di assunzione) e presenter\u00e0 la campagna del gusto ufficiale per la Germania 2015.<br \/>\nOltre 200 saranno i marchi presenti, provenienti da 13 regioni italiane e 8 paesi esteri: produttori di macchinari, attrezzature, semilavorati, materie prime, <strong><a href=\"http:\/\/www.nero-luce.com\/\">arredamenti e accessori per la gelateria artigiana<\/a><\/strong>.<br \/>\nNell&#8217;ambito del progetto &#8220;<strong>Road to Expo<\/strong>&#8221; poi, promosso dall&#8217; Associazione esposizioni e Fiere Italiane AEFI in collaborazione con il Ministero dello Sviluppo Economico, sono attese altre delegazioni di operatori e giornalisti da Brasile, Russia e Turchia.<\/p>\n<p>Le sale della fiera ospiteranno inoltre le assemblee annuali di <strong>Artglace<\/strong>, la Confederazione che riunisce le associazioni nazionali di gelatieri dell&#8217;UE, e delle Associazioni dei gelatieri italiani in Austria e Olanda. E proprio l&#8217;Olanda sar\u00e0 protagonista di un&#8217;altra interessante iniziativa: alla presenza dell&#8217;Ambasciatore olandese in Italia, Michiel den Hond, sar\u00e0 inaugurata domenica 30 novembre nella sede municipale di Longarone, una mostra fotografica sull&#8217;emigrazione italiana nel Paese orange cui far\u00e0 seguito, nel pomeriggio in fiera, un incontro di approfondimento sulla storia dei gelatieri veneti nei Paesi Bassi.<br \/>\nNon mancheranno anche in questa edizione di MIG i momenti di confronto su temi di sicuro interesse, promossi da aziende e da associazioni di categoria che animeranno l&#8217;Area Incontri nel padiglione C.<\/p>\n<p>Ecco alcuni eventi da non perdere:<\/p>\n<ul>\n<li>\u00b7 Saranno presenti interessanti dibattiti sugli aspetti nutrizionali del gelato artigianale, lo stato di salute e i nuovi sapori della gelateria italiana, il latte in gelateria e la formazione per la gelateria artigiana, oltre al dibattito sul tema: &#8220;C&#8217;\u00e8 il gelato senza zucchero?&#8221;. Le iniziative promozionali del comparto della gelateria artigianale da parte di Longarone Fiere avranno un momento importante luned\u00ec 1 dicembre nel 1. Meeting nazionale delle Gelaterie del Territorio.<\/li>\n<li>\u00b7 La 45. &#8220;<strong>Coppa d&#8217;Oro<\/strong>&#8221; sar\u00e0 incentrata quest&#8217;anno al gusto Caco, una scelta sicuramente originale, che vuole stimolare le capacit\u00e0 professionali dei gelatieri artigiani invitandoli a confrontarsi con un frutto ancora poco presente in gelateria.<\/li>\n<li>\u00b7 Mercoled\u00ec 3 dicembre si terr\u00e0 la finale del <strong>21. Concorso nazionale di gelateria &#8220;Carlo Pozzi&#8221;<\/strong>, riservato agli allievi di ben 13 scuole alberghiere qualificate dopo diverse selezioni in giro per l&#8217;Italia. Saranno assegnati anche il premio &#8220;Gelaterie in web&#8221;, riservato ai migliori siti internet delle gelaterie, il 19. premio &#8220;Mastri Gelatieri&#8221; e, per la prima volta, il premio alle gelaterie pi\u00f9 &#8220;Selfie&#8221; su AppGelato.<\/li>\n<li>\u00b7 Il\u00a0Premio &#8220;<strong>Innovazione MIG Longarone Fiere<\/strong>&#8220;, destinato a premiare, tra le aziende espositrici, i contenuti fortemente innovativi in termini di tecnologie di lavorazione e di prodotti per la gelateria artigianale, che si va ad aggiungere agli appuntamenti sempre molto seguiti di dimostrazione di intaglio di frutta con il maestro Beppo Tonon, famoso in tutto il mondo per le sue composizioni<\/li>\n<li>\u00b7 La premiazione \u00a0&#8220;<strong>Gusto dell&#8217;Anno 2015<\/strong>&#8220;, iniziativa organizzata dal G.A.-Comitato Nazionale per la Difesa e la Diffusione del Gelato Artigianale e di Produzione Propria e dalla stessa Longarone Fiere.<\/li>\n<\/ul>\n<p>[\/vc_column_text][\/vc_column][\/vc_row]<\/p>\n<\/div>","protected":false},"excerpt":{"rendered":"<p>La MIG di Longarone \u00e8 la pi\u00f9 importante fiera di settore per il gelato artigianale<\/p>\n","protected":false},"author":1,"featured_media":6820,"comment_status":"open","ping_status":"closed","sticky":false,"template":"","format":"standard","meta":[],"categories":[1],"tags":[],"yoast_head":"<!-- This site is optimized with the Yoast SEO plugin v20.2.1 - https:\/\/yoast.com\/wordpress\/plugins\/seo\/ -->\n<title>NeroLuce a MIG - Mostra Internazionale del Gelato Artigianale - dal 30\/11 al 3\/12 2014 - Neroluce<\/title>\n<meta name=\"robots\" content=\"index, follow, max-snippet:-1, max-image-preview:large, max-video-preview:-1\" \/>\n<link rel=\"canonical\" href=\"https:\/\/nero-luce.com\/it\/neroluce-mig-longarone-2014\/\" \/>\n<meta property=\"og:locale\" content=\"it_IT\" \/>\n<meta property=\"og:type\" content=\"article\" \/>\n<meta property=\"og:title\" content=\"NeroLuce a MIG - Mostra Internazionale del Gelato Artigianale - dal 30\/11 al 3\/12 2014 - Neroluce\" \/>\n<meta property=\"og:description\" content=\"La MIG di Longarone \u00e8 la pi\u00f9 importante fiera di settore per il gelato artigianale\" \/>\n<meta property=\"og:url\" content=\"https:\/\/nero-luce.com\/it\/neroluce-mig-longarone-2014\/\" \/>\n<meta property=\"og:site_name\" content=\"Neroluce\" \/>\n<meta property=\"article:published_time\" content=\"2014-11-27T10:23:19+00:00\" \/>\n<meta property=\"article:modified_time\" content=\"2017-11-28T16:37:45+00:00\" \/>\n<meta property=\"og:image\" content=\"https:\/\/nero-luce.com\/wp-content\/uploads\/2014\/11\/mostra-internazionale-del-gelato1-580x360.jpg\" \/>\n\t<meta property=\"og:image:width\" content=\"580\" \/>\n\t<meta property=\"og:image:height\" content=\"360\" \/>\n\t<meta property=\"og:image:type\" content=\"image\/jpeg\" \/>\n<meta name=\"author\" content=\"agata\" \/>\n<meta name=\"twitter:card\" content=\"summary_large_image\" \/>\n<meta name=\"twitter:label1\" content=\"Scritto da\" \/>\n\t<meta name=\"twitter:data1\" content=\"agata\" \/>\n\t<meta name=\"twitter:label2\" content=\"Tempo di lettura stimato\" \/>\n\t<meta name=\"twitter:data2\" content=\"3 minuti\" \/>\n<script type=\"application\/ld+json\" class=\"yoast-schema-graph\">{\"@context\":\"https:\/\/schema.org\",\"@graph\":[{\"@type\":\"WebPage\",\"@id\":\"https:\/\/nero-luce.com\/it\/neroluce-mig-longarone-2014\/\",\"url\":\"https:\/\/nero-luce.com\/it\/neroluce-mig-longarone-2014\/\",\"name\":\"NeroLuce a MIG - Mostra Internazionale del Gelato Artigianale - dal 30\/11 al 3\/12 2014 - Neroluce\",\"isPartOf\":{\"@id\":\"https:\/\/nero-luce.com\/it\/#website\"},\"datePublished\":\"2014-11-27T10:23:19+00:00\",\"dateModified\":\"2017-11-28T16:37:45+00:00\",\"author\":{\"@id\":\"https:\/\/nero-luce.com\/it\/#\/schema\/person\/cacd98aead8c97f03860128d86ec40c4\"},\"breadcrumb\":{\"@id\":\"https:\/\/nero-luce.com\/it\/neroluce-mig-longarone-2014\/#breadcrumb\"},\"inLanguage\":\"it-IT\",\"potentialAction\":[{\"@type\":\"ReadAction\",\"target\":[\"https:\/\/nero-luce.com\/it\/neroluce-mig-longarone-2014\/\"]}]},{\"@type\":\"BreadcrumbList\",\"@id\":\"https:\/\/nero-luce.com\/it\/neroluce-mig-longarone-2014\/#breadcrumb\",\"itemListElement\":[{\"@type\":\"ListItem\",\"position\":1,\"name\":\"Home\",\"item\":\"https:\/\/nero-luce.com\/it\/\"},{\"@type\":\"ListItem\",\"position\":2,\"name\":\"NeroLuce a MIG &#8211; Mostra Internazionale del Gelato Artigianale &#8211; dal 30\/11 al 3\/12 2014\"}]},{\"@type\":\"WebSite\",\"@id\":\"https:\/\/nero-luce.com\/it\/#website\",\"url\":\"https:\/\/nero-luce.com\/it\/\",\"name\":\"Neroluce\",\"description\":\"Insegne e accessori per gelaterie\",\"potentialAction\":[{\"@type\":\"SearchAction\",\"target\":{\"@type\":\"EntryPoint\",\"urlTemplate\":\"https:\/\/nero-luce.com\/it\/?s={search_term_string}\"},\"query-input\":\"required name=search_term_string\"}],\"inLanguage\":\"it-IT\"},{\"@type\":\"Person\",\"@id\":\"https:\/\/nero-luce.com\/it\/#\/schema\/person\/cacd98aead8c97f03860128d86ec40c4\",\"name\":\"agata\",\"image\":{\"@type\":\"ImageObject\",\"inLanguage\":\"it-IT\",\"@id\":\"https:\/\/nero-luce.com\/it\/#\/schema\/person\/image\/\",\"url\":\"https:\/\/secure.gravatar.com\/avatar\/8bf33eb017a5776110766f830b2b2044?s=96&d=mm&r=g\",\"contentUrl\":\"https:\/\/secure.gravatar.com\/avatar\/8bf33eb017a5776110766f830b2b2044?s=96&d=mm&r=g\",\"caption\":\"agata\"},\"url\":\"https:\/\/nero-luce.com\/it\/author\/agata\/\"}]}<\/script>\n<!-- \/ Yoast SEO plugin. -->","yoast_head_json":{"title":"NeroLuce a MIG - Mostra Internazionale del Gelato Artigianale - dal 30\/11 al 3\/12 2014 - Neroluce","robots":{"index":"index","follow":"follow","max-snippet":"max-snippet:-1","max-image-preview":"max-image-preview:large","max-video-preview":"max-video-preview:-1"},"canonical":"https:\/\/nero-luce.com\/it\/neroluce-mig-longarone-2014\/","og_locale":"it_IT","og_type":"article","og_title":"NeroLuce a MIG - Mostra Internazionale del Gelato Artigianale - dal 30\/11 al 3\/12 2014 - Neroluce","og_description":"La MIG di Longarone \u00e8 la pi\u00f9 importante fiera di settore per il gelato artigianale","og_url":"https:\/\/nero-luce.com\/it\/neroluce-mig-longarone-2014\/","og_site_name":"Neroluce","article_published_time":"2014-11-27T10:23:19+00:00","article_modified_time":"2017-11-28T16:37:45+00:00","og_image":[{"width":580,"height":360,"url":"https:\/\/nero-luce.com\/wp-content\/uploads\/2014\/11\/mostra-internazionale-del-gelato1-580x360.jpg","type":"image\/jpeg"}],"author":"agata","twitter_card":"summary_large_image","twitter_misc":{"Scritto da":"agata","Tempo di lettura stimato":"3 minuti"},"schema":{"@context":"https:\/\/schema.org","@graph":[{"@type":"WebPage","@id":"https:\/\/nero-luce.com\/it\/neroluce-mig-longarone-2014\/","url":"https:\/\/nero-luce.com\/it\/neroluce-mig-longarone-2014\/","name":"NeroLuce a MIG - Mostra Internazionale del Gelato Artigianale - dal 30\/11 al 3\/12 2014 - Neroluce","isPartOf":{"@id":"https:\/\/nero-luce.com\/it\/#website"},"datePublished":"2014-11-27T10:23:19+00:00","dateModified":"2017-11-28T16:37:45+00:00","author":{"@id":"https:\/\/nero-luce.com\/it\/#\/schema\/person\/cacd98aead8c97f03860128d86ec40c4"},"breadcrumb":{"@id":"https:\/\/nero-luce.com\/it\/neroluce-mig-longarone-2014\/#breadcrumb"},"inLanguage":"it-IT","potentialAction":[{"@type":"ReadAction","target":["https:\/\/nero-luce.com\/it\/neroluce-mig-longarone-2014\/"]}]},{"@type":"BreadcrumbList","@id":"https:\/\/nero-luce.com\/it\/neroluce-mig-longarone-2014\/#breadcrumb","itemListElement":[{"@type":"ListItem","position":1,"name":"Home","item":"https:\/\/nero-luce.com\/it\/"},{"@type":"ListItem","position":2,"name":"NeroLuce a MIG &#8211; Mostra Internazionale del Gelato Artigianale &#8211; dal 30\/11 al 3\/12 2014"}]},{"@type":"WebSite","@id":"https:\/\/nero-luce.com\/it\/#website","url":"https:\/\/nero-luce.com\/it\/","name":"Neroluce","description":"Insegne e accessori per gelaterie","potentialAction":[{"@type":"SearchAction","target":{"@type":"EntryPoint","urlTemplate":"https:\/\/nero-luce.com\/it\/?s={search_term_string}"},"query-input":"required name=search_term_string"}],"inLanguage":"it-IT"},{"@type":"Person","@id":"https:\/\/nero-luce.com\/it\/#\/schema\/person\/cacd98aead8c97f03860128d86ec40c4","name":"agata","image":{"@type":"ImageObject","inLanguage":"it-IT","@id":"https:\/\/nero-luce.com\/it\/#\/schema\/person\/image\/","url":"https:\/\/secure.gravatar.com\/avatar\/8bf33eb017a5776110766f830b2b2044?s=96&d=mm&r=g","contentUrl":"https:\/\/secure.gravatar.com\/avatar\/8bf33eb017a5776110766f830b2b2044?s=96&d=mm&r=g","caption":"agata"},"url":"https:\/\/nero-luce.com\/it\/author\/agata\/"}]}},"acf":[],"_links":{"self":[{"href":"https:\/\/nero-luce.com\/it\/wp-json\/wp\/v2\/posts\/520"}],"collection":[{"href":"https:\/\/nero-luce.com\/it\/wp-json\/wp\/v2\/posts"}],"about":[{"href":"https:\/\/nero-luce.com\/it\/wp-json\/wp\/v2\/types\/post"}],"author":[{"embeddable":true,"href":"https:\/\/nero-luce.com\/it\/wp-json\/wp\/v2\/users\/1"}],"replies":[{"embeddable":true,"href":"https:\/\/nero-luce.com\/it\/wp-json\/wp\/v2\/comments?post=520"}],"version-history":[{"count":4,"href":"https:\/\/nero-luce.com\/it\/wp-json\/wp\/v2\/posts\/520\/revisions"}],"predecessor-version":[{"id":10414,"href":"https:\/\/nero-luce.com\/it\/wp-json\/wp\/v2\/posts\/520\/revisions\/10414"}],"wp:featuredmedia":[{"embeddable":true,"href":"https:\/\/nero-luce.com\/it\/wp-json\/wp\/v2\/media\/6820"}],"wp:attachment":[{"href":"https:\/\/nero-luce.com\/it\/wp-json\/wp\/v2\/media?parent=520"}],"wp:term":[{"taxonomy":"category","embeddable":true,"href":"https:\/\/nero-luce.com\/it\/wp-json\/wp\/v2\/categories?post=520"},{"taxonomy":"post_tag","embeddable":true,"href":"https:\/\/nero-luce.com\/it\/wp-json\/wp\/v2\/tags?post=520"}],"curies":[{"name":"wp","href":"https:\/\/api.w.org\/{rel}","templated":true}]}}